{"id":3339,"date":"2021-07-22T11:33:09","date_gmt":"2021-07-22T09:33:09","guid":{"rendered":"https:\/\/www.oetztal.at\/blog\/?p=3339"},"modified":"2024-01-10T08:26:10","modified_gmt":"2024-01-10T07:26:10","slug":"events-im-oetztal-was-ist-in-der-urlaubsregion-geboten","status":"publish","type":"post","link":"https:\/\/www.oetztal.at\/blog\/events-im-oetztal-was-ist-in-der-urlaubsregion-geboten\/","title":{"rendered":"Events im \u00d6tztal \u2013 was ist in der Urlaubsregion geboten?"},"content":{"rendered":"\n<p>Trotz oder gerade wegen der anhaltenden Corona-Pandemie ist im \u00d6tztal einiges an Events geboten, denn: das \u00d6tztal bietet reichlich M\u00f6glichkeiten, um sich outdoor zu vergn\u00fcgen. Im August steht <a href=\"https:\/\/www.oetztal.at\/freizeit\/events\/details\/news\/49-gletscherflohmarsch.html\" target=\"_blank\" rel=\"noreferrer noopener\">der Gletscherflohmarsch<\/a> an. Diese Wandertour startet in Obergurgel und endet in Vent. Ende August f\u00e4llt der Startschuss f\u00fcr <a href=\"https:\/\/www.oetztal.at\/freizeit\/events\/details\/news\/oetztaler-radmarathon-1.html\" target=\"_blank\" rel=\"noreferrer noopener\">den \u00d6tztaler Radmarathon<\/a> in S\u00f6lden. Das Radfahr-Event feiert heuer sein 40-j\u00e4hriges Jubil\u00e4um. 238 Kilometer und \u00fcber 5.000 H\u00f6henmeter stehen dabei f\u00fcr die Radler an. Auch f\u00fcr diejenigen, die es weniger sportlich m\u00f6gen, bietet das \u00d6tztal einiges an Freizeitbesch\u00e4ftigung. Die Fans alter Autos haben beispielsweise die Oldtimer Classics bereits im Kalender stehen.<\/p>\n\n\n\n<figure class=\"wp-block-image size-large\"><img loading=\"lazy\" decoding=\"async\" width=\"1024\" height=\"683\" src=\"https:\/\/www.oetztal.at\/blog\/wp-content\/uploads\/2021\/07\/blog-oetztal-landschaft-1024x683.jpg\" alt=\"\" class=\"wp-image-3340\" srcset=\"https:\/\/www.oetztal.at\/blog\/wp-content\/uploads\/2021\/07\/blog-oetztal-landschaft-1024x683.jpg 1024w, https:\/\/www.oetztal.at\/blog\/wp-content\/uploads\/2021\/07\/blog-oetztal-landschaft-300x200.jpg 300w, https:\/\/www.oetztal.at\/blog\/wp-content\/uploads\/2021\/07\/blog-oetztal-landschaft-768x512.jpg 768w, https:\/\/www.oetztal.at\/blog\/wp-content\/uploads\/2021\/07\/blog-oetztal-landschaft.jpg 1200w\" sizes=\"auto, (max-width: 1024px) 100vw, 1024px\" \/><figcaption class=\"wp-element-caption\"><strong>Abbildung 1: Wer an das \u00d6tztal denkt, der hat vermutlich diese Kulisse vor Augen. T\u00e4ler, Berge, sattes Gr\u00fcn und schneebedeckte Gipfel. Doch auch die Eventszene im \u00d6tztal kann sich sehen lassen. Trotz Corona-Pandemie gibt es Optionen, um das \u00d6tztal im Freien zu genie\u00dfen \u2013 gemeinsam oder individuell.<\/strong><\/figcaption><\/figure>\n\n\n\n<h2 class=\"wp-block-heading\">Bei den Oldtimer Classics im \u00d6tztal sorgen die Oldies f\u00fcr Furore<\/h2>\n\n\n\n<p>Im \u00d6tztal finden jedes Jahr die Oldtimer Classics statt, die sich immer wieder als wahrer Besuchermagnet herausstellen. Bei diesem Oldtimer-Rennen fahren die Teilnehmer \u00fcber sch\u00f6ne Streckenabschnitte in S\u00fcdtirol und absolvieren am Ende noch einige Wertungspr\u00fcfungen. Im Jahr 2020 fand die 22. Oldtimer Classic statt und musste dabei ein paar Hindernissen trotzen. Noch bis kurz vor dem Start war es nicht sicher, ob das Rennen wirklich stattfinden w\u00fcrde oder ob die Veranstaltung nur eingeschr\u00e4nkt stattfinden k\u00f6nnte. Doch am Ende war alles gut geworden. 90 Oldtimer gingen an den Start, von denen 84 die Ziellinie erreichten.<\/p>\n\n\n\n<figure class=\"wp-block-image size-large\"><img loading=\"lazy\" decoding=\"async\" width=\"1024\" height=\"683\" src=\"https:\/\/www.oetztal.at\/blog\/wp-content\/uploads\/2021\/07\/blog-oetztal-oldtimer01-1024x683.jpg\" alt=\"\" class=\"wp-image-3341\" srcset=\"https:\/\/www.oetztal.at\/blog\/wp-content\/uploads\/2021\/07\/blog-oetztal-oldtimer01-1024x683.jpg 1024w, https:\/\/www.oetztal.at\/blog\/wp-content\/uploads\/2021\/07\/blog-oetztal-oldtimer01-300x200.jpg 300w, https:\/\/www.oetztal.at\/blog\/wp-content\/uploads\/2021\/07\/blog-oetztal-oldtimer01-768x512.jpg 768w, https:\/\/www.oetztal.at\/blog\/wp-content\/uploads\/2021\/07\/blog-oetztal-oldtimer01.jpg 1200w\" sizes=\"auto, (max-width: 1024px) 100vw, 1024px\" \/><figcaption class=\"wp-element-caption\"><strong>Abbildung 2: Bei der 21. \u00d6tztal Classic starteten trotz Coronapandemie 90 Fahrzeuge. Viele der Teilnehmer hatten angek\u00fcndigt auch beim diesj\u00e4hrigen Oldtimer-Rennen dabei zu sein.<\/strong><\/figcaption><\/figure>\n\n\n\n<h2 class=\"wp-block-heading\">Corona konnte die Veranstaltung nicht aufhalten<\/h2>\n\n\n\n<p><\/p>\n\n\n\n<div class=\"wp-block-media-text alignwide is-stacked-on-mobile\"><figure class=\"wp-block-media-text__media\"><img loading=\"lazy\" decoding=\"async\" width=\"600\" height=\"800\" src=\"https:\/\/www.oetztal.at\/blog\/wp-content\/uploads\/2021\/07\/blog-oetztal-oldtimer02.jpg\" alt=\"\" class=\"wp-image-3349 size-full\" srcset=\"https:\/\/www.oetztal.at\/blog\/wp-content\/uploads\/2021\/07\/blog-oetztal-oldtimer02.jpg 600w, https:\/\/www.oetztal.at\/blog\/wp-content\/uploads\/2021\/07\/blog-oetztal-oldtimer02-225x300.jpg 225w\" sizes=\"auto, (max-width: 600px) 100vw, 600px\" \/><\/figure><div class=\"wp-block-media-text__content\">\n<p>Ein paar Einschr\u00e4nkungen gab es dann aber schon. Aufgrund von Baustellen und bedingt durch die Corona-Pandemie mussten die Fahrzeuge \u00fcber viele neue Strecken geleitet werden. Aus Sicherheitsgr\u00fcnden haben die Veranstalter bei den <a href=\"https:\/\/www.oetztal-classic.at\/programm\/\" target=\"_blank\" rel=\"noreferrer noopener\">22. Oldtimer Classics<\/a> auf den Streckenabschnitt durch S\u00fcdtirol verzichtet. Die Ersatzstrecke f\u00fchrte die Teilnehmer \u00fcber den Flexenpass, durch das Lechtal und \u00fcber das Hahntennjoch. Damit hatten die Veranstalter eine ebenb\u00fcrtige Strecke gefunden. Die gro\u00dfe Baustelle in der Altstadt von Innsbruck machte weitere Strecken\u00e4nderungen notwendig. Auch Start- und Zielplatz waren nicht wie immer. Die Autos starteten vom Parkplatz der \u00d6tzer Bergbahnen aus. Das war gut f\u00fcr die Zuschauer, die dort unter den B\u00e4umen an den hei\u00dfen August-Tagen Schatten fanden. Die <a href=\"https:\/\/www.oetztal.at\/tourismus\/anreisemoeglichkeiten\/auto.html\" target=\"_blank\" rel=\"noreferrer noopener\">Anreise<\/a> war f\u00fcr die Zuschauer und Teilnehmer gut beschrieben. Auch das Rahmenprogramm konnte sich sehen lassen. Bei den teilnehmenden Fahrzeugen waren vom Kugelporsche bis zum Rolls Royce viele Modelle vertreten, beispielsweise ein Oldsmobile Cabrio Dynamic Super Baujahr 1958 oder ein 330 PS starke Limousine Lancia Delta Baujahr 1992.<\/p>\n\n\n\n<div class=\"wp-block-group is-layout-flow wp-block-group-is-layout-flow\"><\/div>\n<\/div><\/div>\n\n\n\n<p><strong><strong>Abbildung 3: Je \u00e4lter desto besser ist das Motto bei den Oldtimer Classics im \u00d6tztal.<\/strong><\/strong><\/p>\n\n\n\n<p>Das n\u00e4chste Oldtimer-Rennen steht nun im August 2021 wieder an. Einzige Teilnahmebedingung ist ein entsprechender Oldtimer. Wer so einen Wagen besitzt, muss sich keine Gedanken \u00fcber den Wert seines Fahrzeugs machen. Der <a href=\"https:\/\/www.smava.de\/autokredit\/oldtimer-finanzierung\/\" target=\"_blank\" rel=\"noreferrer noopener\">Wertzuwachs bei Oldtimern<\/a>, die so toll gepflegt sind, ist garantiert. Wer sich ein solches Kleinod kaufen m\u00f6chte, sollte nicht allzu lange z\u00f6gern. Derzeit k\u00f6nnen Autok\u00e4ufer noch von extrem niedrigen Zinsen profitieren, die nicht zuletzt der Coronapandemie geschuldet sind<\/p>\n\n\n\n<p>Die aktuellen Autopreise f\u00fcr Neuwagen und auch f\u00fcr gute Gebrauchtwagen liegen unter dem Niveau von Anfang 2020, als Corona in Europa noch kein Thema war. Auch die Zinsen waren damals h\u00f6her. F\u00fcr die Finanzierung haben K\u00e4ufer eines sch\u00f6nen Oldtimers und auch eines Neu- oder Gebrauchtwagens neueren Datums mehrere M\u00f6glichkeiten.<\/p>\n\n\n\n<figure class=\"wp-block-image size-large\"><img loading=\"lazy\" decoding=\"async\" width=\"1024\" height=\"683\" src=\"https:\/\/www.oetztal.at\/blog\/wp-content\/uploads\/2021\/07\/blog-oetztal-klettern-1024x683.jpg\" alt=\"\" class=\"wp-image-3343\" srcset=\"https:\/\/www.oetztal.at\/blog\/wp-content\/uploads\/2021\/07\/blog-oetztal-klettern-1024x683.jpg 1024w, https:\/\/www.oetztal.at\/blog\/wp-content\/uploads\/2021\/07\/blog-oetztal-klettern-300x200.jpg 300w, https:\/\/www.oetztal.at\/blog\/wp-content\/uploads\/2021\/07\/blog-oetztal-klettern-768x512.jpg 768w, https:\/\/www.oetztal.at\/blog\/wp-content\/uploads\/2021\/07\/blog-oetztal-klettern.jpg 1200w\" sizes=\"auto, (max-width: 1024px) 100vw, 1024px\" \/><figcaption class=\"wp-element-caption\"><strong>Abbildung 4: Das \u00d6tztal gilt als Eldorado f\u00fcr Kletterer und Biker. Dabei kann im Team, im Zuge einer Veranstaltung, oder individuell und in Kleingruppen geklettert und geradelt werden.<\/strong><\/figcaption><\/figure>\n\n\n\n<h2 class=\"wp-block-heading\">Freizeitbesch\u00e4ftigungen ohne Eventcharakter gibt es das ganze Jahr<\/h2>\n\n\n\n<p>Auch wer das \u00d6tztal lieber in Eigenregie erkunden m\u00f6chte, findet in der beliebten Urlaubsregion einige Optionen. In Kletterg\u00e4rten, an Klettersteigen und im Seilparcours L\u00e4ngenfeld lassen sich das ganze Jahr \u00fcber die naturr\u00e4umlichen Gegebenheiten \u2013 die traumhaften sch\u00f6nen Bergw\u00e4nde \u2013 erklimmen. In Summe stehen hier 750 Routen zur Verf\u00fcgung \u2013 mit Klettersteigen, Mehrseill\u00e4ngen-Touren und Kletterg\u00e4rten, die zum Trainieren der Kletterf\u00e4higkeiten bestens geeignet sind. Zudem haben Events wie das Vertical on Ice Eiskletterfestival, das im Februar 2021 stattfand, gezeigt, dass das \u00d6tztal auch im Winter als Eventkulisse gut geeignet ist.<\/p>\n\n\n\n<p><a rel=\"noreferrer noopener\" href=\"https:\/\/www.oetztal.at\/freizeit\/sommer\/bike-republic-soelden.html\" target=\"_blank\">Passionierte Radler<\/a>, die sich nicht mit anderen messen m\u00f6chten, sondern stattdessen die Natur erleben wollen, finden auf Shaped Lines, Natur Trails und Pump Tracks individuelle und pers\u00f6nliche Herausforderungen. Das gro\u00dfe Bike-Opening der Saison hat bereits am 11. Juni stattgefunden. Der \u00d6tztaler Radmarathon steht bevor. Zudem erfreuen sich Angebote wie die Singletrail-Schnitzeljagd, die am 14. August stattfindet, gro\u00dfer Beliebtheit. Kombiangebote, wie etwa ein Alpine-Trail mit anschlie\u00dfender Yoga-Session tragen dem Wunsch nach Power und Entspannung gleicherma\u00dfen Rechnung.<\/p>\n\n\n\n<hr class=\"wp-block-separator has-css-opacity\"\/>\n\n\n\n<p>Abbildung 1: Pixabay \u00a9 <a href=\"https:\/\/pixabay.com\/de\/users\/alpelino-762348\/\">Alpelino<\/a> (CC0 Public Domain)<br>Abbildung 2: Pixabay \u00a9 <a href=\"https:\/\/pixabay.com\/de\/users\/tingeling-21886\/\">tingeling<\/a> (CC0 Public Domain)<br>Abbildung 3: Pixabay \u00a9 <a href=\"https:\/\/pixabay.com\/de\/users\/arttower-5337\/\">arttower<\/a> (CC0 Public Domain)<br>Abbildung 4: Pixabay \u00a9 <a href=\"https:\/\/pixabay.com\/de\/users\/userbot-1139713\/\">UserBot<\/a> (CC0 Public Domain)<\/p>\n\n\n\n<p><\/p>\n","protected":false},"excerpt":{"rendered":"<p>Trotz oder gerade wegen der anhaltenden Corona-Pandemie ist im \u00d6tztal einiges an Events geboten, denn: das \u00d6tztal bietet reichlich M\u00f6glichkeiten, um sich outdoor zu vergn\u00fcgen. Im August steht der Gletscherflohmarsch an. Diese Wandertour startet in Obergurgel und endet in Vent. Ende August f\u00e4llt der Startschuss f\u00fcr den \u00d6tztaler Radmarathon in S\u00f6lden. Das Radfahr-Event feiert heuer [&hellip;]<\/p>\n","protected":false},"author":2,"featured_media":3708,"comment_status":"open","ping_status":"open","sticky":false,"template":"","format":"standard","meta":{"site-container-style":"default","site-container-layout":"default","site-sidebar-layout":"default","site-transparent-header":"default","disable-article-header":"default","disable-site-header":"default","disable-site-footer":"default","disable-content-area-spacing":"default","footnotes":""},"categories":[1,36,73],"tags":[],"class_list":["post-3339","post","type-post","status-publish","format-standard","has-post-thumbnail","hentry","category-allgemein","category-freizeit","category-kunst-und-kultur"],"_links":{"self":[{"href":"https:\/\/www.oetztal.at\/blog\/wp-json\/wp\/v2\/posts\/3339","targetHints":{"allow":["GET"]}}],"collection":[{"href":"https:\/\/www.oetztal.at\/blog\/wp-json\/wp\/v2\/posts"}],"about":[{"href":"https:\/\/www.oetztal.at\/blog\/wp-json\/wp\/v2\/types\/post"}],"author":[{"embeddable":true,"href":"https:\/\/www.oetztal.at\/blog\/wp-json\/wp\/v2\/users\/2"}],"replies":[{"embeddable":true,"href":"https:\/\/www.oetztal.at\/blog\/wp-json\/wp\/v2\/comments?post=3339"}],"version-history":[{"count":2,"href":"https:\/\/www.oetztal.at\/blog\/wp-json\/wp\/v2\/posts\/3339\/revisions"}],"predecessor-version":[{"id":3676,"href":"https:\/\/www.oetztal.at\/blog\/wp-json\/wp\/v2\/posts\/3339\/revisions\/3676"}],"wp:featuredmedia":[{"embeddable":true,"href":"https:\/\/www.oetztal.at\/blog\/wp-json\/wp\/v2\/media\/3708"}],"wp:attachment":[{"href":"https:\/\/www.oetztal.at\/blog\/wp-json\/wp\/v2\/media?parent=3339"}],"wp:term":[{"taxonomy":"category","embeddable":true,"href":"https:\/\/www.oetztal.at\/blog\/wp-json\/wp\/v2\/categories?post=3339"},{"taxonomy":"post_tag","embeddable":true,"href":"https:\/\/www.oetztal.at\/blog\/wp-json\/wp\/v2\/tags?post=3339"}],"curies":[{"name":"wp","href":"https:\/\/api.w.org\/{rel}","templated":true}]}}