{"id":3365,"date":"2021-08-22T00:00:00","date_gmt":"2021-08-21T22:00:00","guid":{"rendered":"https:\/\/www.oetztal.at\/blog\/?p=3365"},"modified":"2023-04-13T10:23:10","modified_gmt":"2023-04-13T08:23:10","slug":"der-wunderbare-herbst-im-oetztal","status":"publish","type":"post","link":"https:\/\/www.oetztal.at\/blog\/der-wunderbare-herbst-im-oetztal\/","title":{"rendered":"Der wunderbare Herbst im \u00d6tztal"},"content":{"rendered":"\n<p>Genie\u00dfen Sie das farbenfrohe Bergpanorama des \u00d6tztals, bevor es im Winter erneut unter einer Decke Schnee verschwindet.<\/p>\n\n\n\n<p>Die Bl\u00e4tter verf\u00e4rben sich, die Temperaturen sinken langsam und es wird ruhiger. Der Herbst ist im \u00d6tztal angekommen und damit kommt f\u00fcr viele Urlauber die perfekte Zeit zum Wandern. Durch die milderen Temperaturen f\u00e4llt einem das Wandern gleich viel leichter.<\/p>\n\n\n\n<p>Das \u00d6tztal bietet 1.600 km an Wanderrouten in einer der sch\u00f6nsten Bergregionen und der Herbst ist die perfekte Jahreszeit diese Routen zu genie\u00dfen. Das milde Wetter und der Sonnenschein sorgen f\u00fcr angenehme Wandertouren.<\/p>\n\n\n\n<figure class=\"wp-block-gallery has-nested-images columns-default is-cropped wp-block-gallery-1 is-layout-flex wp-block-gallery-is-layout-flex\">\n<figure class=\"wp-block-image size-large\"><img loading=\"lazy\" decoding=\"async\" width=\"1024\" height=\"683\" data-id=\"3366\" src=\"https:\/\/www.oetztal.at\/blog\/wp-content\/uploads\/2021\/07\/blog-wandern-1-1024x683.jpg\" alt=\"\" class=\"wp-image-3366\" srcset=\"https:\/\/www.oetztal.at\/blog\/wp-content\/uploads\/2021\/07\/blog-wandern-1-1024x683.jpg 1024w, https:\/\/www.oetztal.at\/blog\/wp-content\/uploads\/2021\/07\/blog-wandern-1-300x200.jpg 300w, https:\/\/www.oetztal.at\/blog\/wp-content\/uploads\/2021\/07\/blog-wandern-1-768x512.jpg 768w, https:\/\/www.oetztal.at\/blog\/wp-content\/uploads\/2021\/07\/blog-wandern-1.jpg 1200w\" sizes=\"auto, (max-width: 1024px) 100vw, 1024px\" \/><\/figure>\n\n\n\n<figure class=\"wp-block-image size-large\"><img loading=\"lazy\" decoding=\"async\" width=\"1024\" height=\"683\" data-id=\"3367\" src=\"https:\/\/www.oetztal.at\/blog\/wp-content\/uploads\/2021\/07\/blog-wandern-2-1024x683.jpg\" alt=\"\" class=\"wp-image-3367\" srcset=\"https:\/\/www.oetztal.at\/blog\/wp-content\/uploads\/2021\/07\/blog-wandern-2-1024x683.jpg 1024w, https:\/\/www.oetztal.at\/blog\/wp-content\/uploads\/2021\/07\/blog-wandern-2-300x200.jpg 300w, https:\/\/www.oetztal.at\/blog\/wp-content\/uploads\/2021\/07\/blog-wandern-2-768x512.jpg 768w, https:\/\/www.oetztal.at\/blog\/wp-content\/uploads\/2021\/07\/blog-wandern-2.jpg 1200w\" sizes=\"auto, (max-width: 1024px) 100vw, 1024px\" \/><\/figure>\n\n\n\n<figure class=\"wp-block-image size-large\"><img loading=\"lazy\" decoding=\"async\" width=\"1024\" height=\"683\" data-id=\"3368\" src=\"https:\/\/www.oetztal.at\/blog\/wp-content\/uploads\/2021\/07\/blog-wandern-3-1024x683.jpg\" alt=\"\" class=\"wp-image-3368\" srcset=\"https:\/\/www.oetztal.at\/blog\/wp-content\/uploads\/2021\/07\/blog-wandern-3-1024x683.jpg 1024w, https:\/\/www.oetztal.at\/blog\/wp-content\/uploads\/2021\/07\/blog-wandern-3-300x200.jpg 300w, https:\/\/www.oetztal.at\/blog\/wp-content\/uploads\/2021\/07\/blog-wandern-3-768x512.jpg 768w, https:\/\/www.oetztal.at\/blog\/wp-content\/uploads\/2021\/07\/blog-wandern-3.jpg 1200w\" sizes=\"auto, (max-width: 1024px) 100vw, 1024px\" \/><\/figure>\n<\/figure>\n\n\n\n<p><\/p>\n","protected":false},"excerpt":{"rendered":"<p>Genie\u00dfen Sie das farbenfrohe Bergpanorama des \u00d6tztals, bevor es im Winter erneut unter einer Decke Schnee verschwindet. Die Bl\u00e4tter verf\u00e4rben sich, die Temperaturen sinken langsam und es wird ruhiger. Der Herbst ist im \u00d6tztal angekommen und damit kommt f\u00fcr viele Urlauber die perfekte Zeit zum Wandern. Durch die milderen Temperaturen f\u00e4llt einem das Wandern gleich [&hellip;]<\/p>\n","protected":false},"author":2,"featured_media":3367,"comment_status":"open","ping_status":"open","sticky":false,"template":"","format":"standard","meta":{"site-container-style":"default","site-container-layout":"default","site-sidebar-layout":"default","site-transparent-header":"default","disable-article-header":"default","disable-site-header":"default","disable-site-footer":"default","disable-content-area-spacing":"default","footnotes":""},"categories":[36,6],"tags":[],"class_list":["post-3365","post","type-post","status-publish","format-standard","has-post-thumbnail","hentry","category-freizeit","category-oetztal"],"_links":{"self":[{"href":"https:\/\/www.oetztal.at\/blog\/wp-json\/wp\/v2\/posts\/3365","targetHints":{"allow":["GET"]}}],"collection":[{"href":"https:\/\/www.oetztal.at\/blog\/wp-json\/wp\/v2\/posts"}],"about":[{"href":"https:\/\/www.oetztal.at\/blog\/wp-json\/wp\/v2\/types\/post"}],"author":[{"embeddable":true,"href":"https:\/\/www.oetztal.at\/blog\/wp-json\/wp\/v2\/users\/2"}],"replies":[{"embeddable":true,"href":"https:\/\/www.oetztal.at\/blog\/wp-json\/wp\/v2\/comments?post=3365"}],"version-history":[{"count":1,"href":"https:\/\/www.oetztal.at\/blog\/wp-json\/wp\/v2\/posts\/3365\/revisions"}],"predecessor-version":[{"id":3540,"href":"https:\/\/www.oetztal.at\/blog\/wp-json\/wp\/v2\/posts\/3365\/revisions\/3540"}],"wp:featuredmedia":[{"embeddable":true,"href":"https:\/\/www.oetztal.at\/blog\/wp-json\/wp\/v2\/media\/3367"}],"wp:attachment":[{"href":"https:\/\/www.oetztal.at\/blog\/wp-json\/wp\/v2\/media?parent=3365"}],"wp:term":[{"taxonomy":"category","embeddable":true,"href":"https:\/\/www.oetztal.at\/blog\/wp-json\/wp\/v2\/categories?post=3365"},{"taxonomy":"post_tag","embeddable":true,"href":"https:\/\/www.oetztal.at\/blog\/wp-json\/wp\/v2\/tags?post=3365"}],"curies":[{"name":"wp","href":"https:\/\/api.w.org\/{rel}","templated":true}]}}