{"id":3825,"date":"2025-07-23T14:46:34","date_gmt":"2025-07-23T12:46:34","guid":{"rendered":"https:\/\/www.oetztal.at\/blog\/?p=3825"},"modified":"2025-07-23T15:00:17","modified_gmt":"2025-07-23T13:00:17","slug":"eroeffnung-des-neuen-klettersteig-rosskopf-in-oetz","status":"publish","type":"post","link":"https:\/\/www.oetztal.at\/blog\/eroeffnung-des-neuen-klettersteig-rosskopf-in-oetz\/","title":{"rendered":"Er\u00f6ffnung des neuen Klettersteig &#8222;Rosskopf&#8220; in Oetz"},"content":{"rendered":"\n<p class=\"has-xx-large-font-size\"><strong>Er\u00f6ffnung<\/strong><\/p>\n\n\n\n<p>Am Sonntag, den <strong>22. Juni 2025<\/strong>, wurde der brandneue <strong>Klettersteig Rosskopf<\/strong> feierlich er\u00f6ffnet. Um 11:30\u202fUhr startete eine Bergmesse am Roten Wandl, begleitet von der Musikkapelle Oetz. Ab 12:30\u202fUhr folgten offizielle Gru\u00dfworte, anschlie\u00dfend st\u00fcrzten sich die Erstbesteiger:innen gemeinsam in das alpine Abenteuer \u2013 inklusive exklusiver Stamp-Box und Lunchbox im Panoramarestaurant Hochoetz.<\/p>\n\n\n\n<p class=\"has-xx-large-font-size\"><strong>Fakten &amp; Route<\/strong><\/p>\n\n\n\n<p>Der neue Klettersteig f\u00fchrt von der <strong>Bergstation der Acherkogelbahn<\/strong> (2.020\u202fm) \u00fcber rund 300\u202fm Steigl\u00e4nge hinauf zum <strong>Gipfelkreuz des 2.399\u202fm hohen Rosskopfs.<\/strong> Technisch liegt er im Schwierigkeitsgrad <strong>B bis B\/C<\/strong>, mit einem kurzen C\u2011Abschnitt \u2013 ideal f\u00fcr sportliche Einsteiger. Der Zustieg dauert etwa 45\u202fMinuten, der Abstieg \u00fcber die S\u00fcdseite eine Stunde.<\/p>\n\n\n\n<p class=\"has-xx-large-font-size\"><strong>Erlebnis und Ausstattung<\/strong><\/p>\n\n\n\n<p>Die Route zieht sich entlang der k\u00fchlen Nordflanke, gesichert mit Stahlseilen, Tritten und sogar einer Panoramarastbank. Helm und Klettersteigset sind Pflicht \u2013 gerade bei losem Fels und m\u00f6glicher Steinschlag.<\/p>\n\n\n\n<figure class=\"wp-block-gallery has-nested-images columns-default is-cropped wp-block-gallery-1 is-layout-flex wp-block-gallery-is-layout-flex\">\n<figure class=\"wp-block-image size-large\"><img loading=\"lazy\" decoding=\"async\" width=\"680\" height=\"450\" data-id=\"3827\" src=\"https:\/\/www.oetztal.at\/blog\/wp-content\/uploads\/2025\/07\/rosskopf_klettersteig_oetz-1.jpg\" alt=\"\" class=\"wp-image-3827\" srcset=\"https:\/\/www.oetztal.at\/blog\/wp-content\/uploads\/2025\/07\/rosskopf_klettersteig_oetz-1.jpg 680w, https:\/\/www.oetztal.at\/blog\/wp-content\/uploads\/2025\/07\/rosskopf_klettersteig_oetz-1-300x199.jpg 300w\" sizes=\"auto, (max-width: 680px) 100vw, 680px\" \/><\/figure>\n<\/figure>\n","protected":false},"excerpt":{"rendered":"<p>Er\u00f6ffnung Am Sonntag, den 22. Juni 2025, wurde der brandneue Klettersteig Rosskopf feierlich er\u00f6ffnet. Um 11:30\u202fUhr startete eine Bergmesse am Roten Wandl, begleitet von der Musikkapelle Oetz. Ab 12:30\u202fUhr folgten offizielle Gru\u00dfworte, anschlie\u00dfend st\u00fcrzten sich die Erstbesteiger:innen gemeinsam in das alpine Abenteuer \u2013 inklusive exklusiver Stamp-Box und Lunchbox im Panoramarestaurant Hochoetz. Fakten &amp; Route Der [&hellip;]<\/p>\n","protected":false},"author":2,"featured_media":3830,"comment_status":"closed","ping_status":"closed","sticky":false,"template":"","format":"standard","meta":{"site-container-style":"default","site-container-layout":"default","site-sidebar-layout":"default","site-transparent-header":"default","disable-article-header":"default","disable-site-header":"default","disable-site-footer":"default","disable-content-area-spacing":"default","footnotes":""},"categories":[36,6,60,71,41],"tags":[],"class_list":["post-3825","post","type-post","status-publish","format-standard","has-post-thumbnail","hentry","category-freizeit","category-oetztal","category-sommer","category-sport","category-tourismus"],"_links":{"self":[{"href":"https:\/\/www.oetztal.at\/blog\/wp-json\/wp\/v2\/posts\/3825","targetHints":{"allow":["GET"]}}],"collection":[{"href":"https:\/\/www.oetztal.at\/blog\/wp-json\/wp\/v2\/posts"}],"about":[{"href":"https:\/\/www.oetztal.at\/blog\/wp-json\/wp\/v2\/types\/post"}],"author":[{"embeddable":true,"href":"https:\/\/www.oetztal.at\/blog\/wp-json\/wp\/v2\/users\/2"}],"replies":[{"embeddable":true,"href":"https:\/\/www.oetztal.at\/blog\/wp-json\/wp\/v2\/comments?post=3825"}],"version-history":[{"count":1,"href":"https:\/\/www.oetztal.at\/blog\/wp-json\/wp\/v2\/posts\/3825\/revisions"}],"predecessor-version":[{"id":3828,"href":"https:\/\/www.oetztal.at\/blog\/wp-json\/wp\/v2\/posts\/3825\/revisions\/3828"}],"wp:featuredmedia":[{"embeddable":true,"href":"https:\/\/www.oetztal.at\/blog\/wp-json\/wp\/v2\/media\/3830"}],"wp:attachment":[{"href":"https:\/\/www.oetztal.at\/blog\/wp-json\/wp\/v2\/media?parent=3825"}],"wp:term":[{"taxonomy":"category","embeddable":true,"href":"https:\/\/www.oetztal.at\/blog\/wp-json\/wp\/v2\/categories?post=3825"},{"taxonomy":"post_tag","embeddable":true,"href":"https:\/\/www.oetztal.at\/blog\/wp-json\/wp\/v2\/tags?post=3825"}],"curies":[{"name":"wp","href":"https:\/\/api.w.org\/{rel}","templated":true}]}}