{"id":3831,"date":"2025-10-01T09:00:00","date_gmt":"2025-10-01T07:00:00","guid":{"rendered":"https:\/\/www.oetztal.at\/blog\/?p=3831"},"modified":"2025-07-24T08:18:19","modified_gmt":"2025-07-24T06:18:19","slug":"zwei-weltcup-events-ein-tal-soelden-gurgl-starten-in-den-skiwinter","status":"publish","type":"post","link":"https:\/\/www.oetztal.at\/blog\/zwei-weltcup-events-ein-tal-soelden-gurgl-starten-in-den-skiwinter\/","title":{"rendered":"Zwei Weltcup Events, ein Tal: S\u00f6lden &amp; Gurgl starten in den Skiwinter"},"content":{"rendered":"\n<p class=\"has-xx-large-font-size\"><strong>S\u00f6lden der traditionsreichste Auftakt am Gletscher<\/strong><\/p>\n\n\n\n<p>Seit Jahren gilt S\u00f6lden als das Epizentrum des Skiweltcups, und das zurecht: Jedes Jahr im Oktober markiert der FIS Skiweltcup-Auftakt am Rettenbachgletscher den Start der alpinen Skisaison. Auf \u00fcber 3.000 Metern fahren Damen und Herren im Riesenslalom um die ersten Weltcup-Punkte.<br>Die Kulisse ist spektakul\u00e4r: schneebedeckte Gletscher, steile Pisten und eine begeisterte Fangemeinde. Das Rahmenprogramm l\u00e4sst ebenfalls keine W\u00fcnsche offen &#8211; Live-Acts, DJ-Sets, Gletscher Party und eine volle Fan-Arena an der Zieltrib\u00fcne sorgen f\u00fcr ein unvergessliches Wochenende.<br><br>N\u00e4chstes Rennen: Ende Oktober 2025 (vorraussichtlich 25. &#8211; 26.10.)<\/p>\n\n\n\n<figure class=\"wp-block-image size-large\"><img loading=\"lazy\" decoding=\"async\" width=\"1024\" height=\"455\" src=\"https:\/\/www.oetztal.at\/blog\/wp-content\/uploads\/2025\/07\/skiweltcup_soelden-1024x455.jpg\" alt=\"\" class=\"wp-image-3832\" srcset=\"https:\/\/www.oetztal.at\/blog\/wp-content\/uploads\/2025\/07\/skiweltcup_soelden-1024x455.jpg 1024w, https:\/\/www.oetztal.at\/blog\/wp-content\/uploads\/2025\/07\/skiweltcup_soelden-300x133.jpg 300w, https:\/\/www.oetztal.at\/blog\/wp-content\/uploads\/2025\/07\/skiweltcup_soelden-768x341.jpg 768w, https:\/\/www.oetztal.at\/blog\/wp-content\/uploads\/2025\/07\/skiweltcup_soelden-1536x683.jpg 1536w, https:\/\/www.oetztal.at\/blog\/wp-content\/uploads\/2025\/07\/skiweltcup_soelden.jpg 1800w\" sizes=\"auto, (max-width: 1024px) 100vw, 1024px\" \/><\/figure>\n\n\n\n<p class=\"has-xx-large-font-size\"><strong>NEU: Der Skiweltcup in Gurgl &#8211; Finale auf Top-Niveau<\/strong><\/p>\n\n\n\n<p>Seit der Saison 2023\/24 ist Gurgl offizieller Austragungsort eines Skiweltcups. Die bestens pr\u00e4parierte Strecke am Kirchenkar \u00fcberzeugt mit anspruchsvollem Gel\u00e4nde, hoher Schneesicherheit und exzellenter Logistik. Auch 2025 kehrt der FIS Weltcup der Herren nach Gurgl zur\u00fcck, mit einem spannendem Super-G-Rennen und noch mehr Event-Highlights.<br>Das Besondere: Die Veranstaltung bringt Weltklasse-Sport auf h\u00f6chstem Niveau in ein charmantes, \u00fcberschaubares Bergdorf, das alpine Qualit\u00e4t mit exklusiver Atmosph\u00e4re verbindet.<br><br>N\u00e4chstes Rennen: Mitte November 2025 (voraussichtlich 22. &#8211; 23.11.)<\/p>\n\n\n\n<figure class=\"wp-block-image size-large\"><img loading=\"lazy\" decoding=\"async\" width=\"1024\" height=\"570\" src=\"https:\/\/www.oetztal.at\/blog\/wp-content\/uploads\/2025\/07\/skiweltcup_gurgl-1024x570.jpg\" alt=\"\" class=\"wp-image-3833\" srcset=\"https:\/\/www.oetztal.at\/blog\/wp-content\/uploads\/2025\/07\/skiweltcup_gurgl-1024x570.jpg 1024w, https:\/\/www.oetztal.at\/blog\/wp-content\/uploads\/2025\/07\/skiweltcup_gurgl-300x167.jpg 300w, https:\/\/www.oetztal.at\/blog\/wp-content\/uploads\/2025\/07\/skiweltcup_gurgl-768x427.jpg 768w, https:\/\/www.oetztal.at\/blog\/wp-content\/uploads\/2025\/07\/skiweltcup_gurgl.jpg 1078w\" sizes=\"auto, (max-width: 1024px) 100vw, 1024px\" \/><\/figure>\n\n\n\n<p class=\"has-xx-large-font-size\"><strong>Das \u00d6tztal als Skiarena der Extraklasse<\/strong><\/p>\n\n\n\n<p>Mit dem Weltcup-Auftakt in S\u00f6lden und dem Weltcup in Gurgl beweist das \u00d6tztal eindrucksvoll, dass es nicht nur f\u00fcr Urlauber:innen, sondern auch f\u00fcr den Profisport Ma\u00dfst\u00e4be setzt. Ob du die Action auf der Trib\u00fcne, den ersten Schwung am Gletscher oder die Stille in den Bergen suchst \u2013 hier bekommst du alles, was den Winter besonders macht.<br>Mit zwei offiziellen FIS-Weltcuprennen innerhalb weniger Wochen bietet das \u00d6tztal ein unvergleichliches Paket f\u00fcr Ski-Fans, Event-Liebhaber:innen und Genie\u00dfer. Zwischen Adrenalin in S\u00f6lden und Speedfeeling in Gurgl verl\u00e4uft dein perfekter Saisonstart direkt durch eines der sch\u00f6nsten T\u00e4ler Tirols.<\/p>\n\n\n\n<figure class=\"wp-block-gallery has-nested-images columns-default is-cropped wp-block-gallery-1 is-layout-flex wp-block-gallery-is-layout-flex\"><\/figure>\n\n\n\n<p><\/p>\n","protected":false},"excerpt":{"rendered":"<p>S\u00f6lden der traditionsreichste Auftakt am Gletscher Seit Jahren gilt S\u00f6lden als das Epizentrum des Skiweltcups, und das zurecht: Jedes Jahr im Oktober markiert der FIS Skiweltcup-Auftakt am Rettenbachgletscher den Start der alpinen Skisaison. Auf \u00fcber 3.000 Metern fahren Damen und Herren im Riesenslalom um die ersten Weltcup-Punkte.Die Kulisse ist spektakul\u00e4r: schneebedeckte Gletscher, steile Pisten und [&hellip;]<\/p>\n","protected":false},"author":2,"featured_media":3834,"comment_status":"closed","ping_status":"closed","sticky":false,"template":"","format":"standard","meta":{"site-container-style":"default","site-container-layout":"default","site-sidebar-layout":"default","site-transparent-header":"default","disable-article-header":"default","disable-site-header":"default","disable-site-footer":"default","disable-content-area-spacing":"default","footnotes":""},"categories":[36,6,71,41,72],"tags":[],"class_list":["post-3831","post","type-post","status-publish","format-standard","has-post-thumbnail","hentry","category-freizeit","category-oetztal","category-sport","category-tourismus","category-winter"],"_links":{"self":[{"href":"https:\/\/www.oetztal.at\/blog\/wp-json\/wp\/v2\/posts\/3831","targetHints":{"allow":["GET"]}}],"collection":[{"href":"https:\/\/www.oetztal.at\/blog\/wp-json\/wp\/v2\/posts"}],"about":[{"href":"https:\/\/www.oetztal.at\/blog\/wp-json\/wp\/v2\/types\/post"}],"author":[{"embeddable":true,"href":"https:\/\/www.oetztal.at\/blog\/wp-json\/wp\/v2\/users\/2"}],"replies":[{"embeddable":true,"href":"https:\/\/www.oetztal.at\/blog\/wp-json\/wp\/v2\/comments?post=3831"}],"version-history":[{"count":1,"href":"https:\/\/www.oetztal.at\/blog\/wp-json\/wp\/v2\/posts\/3831\/revisions"}],"predecessor-version":[{"id":3835,"href":"https:\/\/www.oetztal.at\/blog\/wp-json\/wp\/v2\/posts\/3831\/revisions\/3835"}],"wp:featuredmedia":[{"embeddable":true,"href":"https:\/\/www.oetztal.at\/blog\/wp-json\/wp\/v2\/media\/3834"}],"wp:attachment":[{"href":"https:\/\/www.oetztal.at\/blog\/wp-json\/wp\/v2\/media?parent=3831"}],"wp:term":[{"taxonomy":"category","embeddable":true,"href":"https:\/\/www.oetztal.at\/blog\/wp-json\/wp\/v2\/categories?post=3831"},{"taxonomy":"post_tag","embeddable":true,"href":"https:\/\/www.oetztal.at\/blog\/wp-json\/wp\/v2\/tags?post=3831"}],"curies":[{"name":"wp","href":"https:\/\/api.w.org\/{rel}","templated":true}]}}